{"id":629,"date":"2020-03-30T14:55:38","date_gmt":"2020-03-30T12:55:38","guid":{"rendered":"http:\/\/photo-nature.eu\/WP\/?p=629"},"modified":"2020-03-30T14:56:41","modified_gmt":"2020-03-30T12:56:41","slug":"grebe-a-bec-bigarre","status":"publish","type":"post","link":"http:\/\/photo-nature.eu\/WP\/grebe-a-bec-bigarre\/","title":{"rendered":"Gr\u00e8be \u00e0 bec bigarr\u00e9"},"content":{"rendered":"\n<ul class=\"wp-block-gallery columns-1 is-cropped wp-block-gallery-1 is-layout-flex wp-block-gallery-is-layout-flex\"><li class=\"blocks-gallery-item\"><figure><img loading=\"lazy\" decoding=\"async\" width=\"1000\" height=\"650\" src=\"http:\/\/photo-nature.eu\/WP\/wp-content\/uploads\/2020\/03\/2017-10-30-57-Meritt-Island-Canaveral-Gr\u00e8be-\u00e0-bec-bigarr\u00e9-site.jpg\" alt=\"\" data-id=\"630\" class=\"wp-image-630\" srcset=\"http:\/\/photo-nature.eu\/WP\/wp-content\/uploads\/2020\/03\/2017-10-30-57-Meritt-Island-Canaveral-Gr\u00e8be-\u00e0-bec-bigarr\u00e9-site.jpg 1000w, http:\/\/photo-nature.eu\/WP\/wp-content\/uploads\/2020\/03\/2017-10-30-57-Meritt-Island-Canaveral-Gr\u00e8be-\u00e0-bec-bigarr\u00e9-site-300x195.jpg 300w, http:\/\/photo-nature.eu\/WP\/wp-content\/uploads\/2020\/03\/2017-10-30-57-Meritt-Island-Canaveral-Gr\u00e8be-\u00e0-bec-bigarr\u00e9-site-768x499.jpg 768w, http:\/\/photo-nature.eu\/WP\/wp-content\/uploads\/2020\/03\/2017-10-30-57-Meritt-Island-Canaveral-Gr\u00e8be-\u00e0-bec-bigarr\u00e9-site-700x455.jpg 700w, http:\/\/photo-nature.eu\/WP\/wp-content\/uploads\/2020\/03\/2017-10-30-57-Meritt-Island-Canaveral-Gr\u00e8be-\u00e0-bec-bigarr\u00e9-site-332x216.jpg 332w\" sizes=\"auto, (max-width: 1000px) 100vw, 1000px\" \/><figcaption>Meritt Island Canaveral, Floride, 2017<\/figcaption><\/figure><\/li><\/ul>\n","protected":false},"excerpt":{"rendered":"","protected":false},"author":1,"featured_media":0,"comment_status":"closed","ping_status":"closed","sticky":false,"template":"","format":"image","meta":{"footnotes":"","_links_to":"","_links_to_target":""},"categories":[63,61,72,11,19],"tags":[],"class_list":["post-629","post","type-post","status-publish","format-image","hentry","category-amerique","category-autres-oiseaux","category-floride","category-oiseaux","category-voyage","post_format-post-format-image","column","threecol"],"_links":{"self":[{"href":"http:\/\/photo-nature.eu\/WP\/wp-json\/wp\/v2\/posts\/629","targetHints":{"allow":["GET"]}}],"collection":[{"href":"http:\/\/photo-nature.eu\/WP\/wp-json\/wp\/v2\/posts"}],"about":[{"href":"http:\/\/photo-nature.eu\/WP\/wp-json\/wp\/v2\/types\/post"}],"author":[{"embeddable":true,"href":"http:\/\/photo-nature.eu\/WP\/wp-json\/wp\/v2\/users\/1"}],"replies":[{"embeddable":true,"href":"http:\/\/photo-nature.eu\/WP\/wp-json\/wp\/v2\/comments?post=629"}],"version-history":[{"count":1,"href":"http:\/\/photo-nature.eu\/WP\/wp-json\/wp\/v2\/posts\/629\/revisions"}],"predecessor-version":[{"id":631,"href":"http:\/\/photo-nature.eu\/WP\/wp-json\/wp\/v2\/posts\/629\/revisions\/631"}],"wp:attachment":[{"href":"http:\/\/photo-nature.eu\/WP\/wp-json\/wp\/v2\/media?parent=629"}],"wp:term":[{"taxonomy":"category","embeddable":true,"href":"http:\/\/photo-nature.eu\/WP\/wp-json\/wp\/v2\/categories?post=629"},{"taxonomy":"post_tag","embeddable":true,"href":"http:\/\/photo-nature.eu\/WP\/wp-json\/wp\/v2\/tags?post=629"}],"curies":[{"name":"wp","href":"https:\/\/api.w.org\/{rel}","templated":true}]}}