{"id":88,"date":"2014-07-14T23:11:24","date_gmt":"2014-07-14T23:11:24","guid":{"rendered":"http:\/\/photo-nature.eu\/WP\/?p=88"},"modified":"2016-07-14T20:34:54","modified_gmt":"2016-07-14T18:34:54","slug":"melitee-noiratre","status":"publish","type":"post","link":"http:\/\/photo-nature.eu\/WP\/melitee-noiratre\/","title":{"rendered":"M\u00e9lit\u00e9e noir\u00e2tre"},"content":{"rendered":"<p><a href=\"http:\/\/photo-nature.eu\/WP\/wp-content\/uploads\/2016\/07\/2014-06-10-M\u00e9lit\u00e9e-noir\u00e2tre-.jpg\"><img loading=\"lazy\" decoding=\"async\" class=\"alignnone size-medium wp-image-428\" src=\"http:\/\/photo-nature.eu\/WP\/wp-content\/uploads\/2016\/07\/2014-06-10-M\u00e9lit\u00e9e-noir\u00e2tre--300x195.jpg\" alt=\"2014-06-10 M\u00e9lit\u00e9e noir\u00e2tre-\" width=\"300\" height=\"195\" srcset=\"http:\/\/photo-nature.eu\/WP\/wp-content\/uploads\/2016\/07\/2014-06-10-M\u00e9lit\u00e9e-noir\u00e2tre--300x195.jpg 300w, http:\/\/photo-nature.eu\/WP\/wp-content\/uploads\/2016\/07\/2014-06-10-M\u00e9lit\u00e9e-noir\u00e2tre--768x499.jpg 768w, http:\/\/photo-nature.eu\/WP\/wp-content\/uploads\/2016\/07\/2014-06-10-M\u00e9lit\u00e9e-noir\u00e2tre--700x455.jpg 700w, http:\/\/photo-nature.eu\/WP\/wp-content\/uploads\/2016\/07\/2014-06-10-M\u00e9lit\u00e9e-noir\u00e2tre--332x216.jpg 332w, http:\/\/photo-nature.eu\/WP\/wp-content\/uploads\/2016\/07\/2014-06-10-M\u00e9lit\u00e9e-noir\u00e2tre-.jpg 1000w\" sizes=\"auto, (max-width: 300px) 100vw, 300px\" \/><\/a><\/p>\n","protected":false},"excerpt":{"rendered":"","protected":false},"author":1,"featured_media":0,"comment_status":"closed","ping_status":"closed","sticky":false,"template":"","format":"image","meta":{"footnotes":"","_links_to":"","_links_to_target":""},"categories":[27,38,12,44],"tags":[],"class_list":["post-88","post","type-post","status-publish","format-image","hentry","category-aquitaine","category-insectes","category-papillons","category-papillons-de-jour","post_format-post-format-image","column","threecol"],"_links":{"self":[{"href":"http:\/\/photo-nature.eu\/WP\/wp-json\/wp\/v2\/posts\/88","targetHints":{"allow":["GET"]}}],"collection":[{"href":"http:\/\/photo-nature.eu\/WP\/wp-json\/wp\/v2\/posts"}],"about":[{"href":"http:\/\/photo-nature.eu\/WP\/wp-json\/wp\/v2\/types\/post"}],"author":[{"embeddable":true,"href":"http:\/\/photo-nature.eu\/WP\/wp-json\/wp\/v2\/users\/1"}],"replies":[{"embeddable":true,"href":"http:\/\/photo-nature.eu\/WP\/wp-json\/wp\/v2\/comments?post=88"}],"version-history":[{"count":3,"href":"http:\/\/photo-nature.eu\/WP\/wp-json\/wp\/v2\/posts\/88\/revisions"}],"predecessor-version":[{"id":429,"href":"http:\/\/photo-nature.eu\/WP\/wp-json\/wp\/v2\/posts\/88\/revisions\/429"}],"wp:attachment":[{"href":"http:\/\/photo-nature.eu\/WP\/wp-json\/wp\/v2\/media?parent=88"}],"wp:term":[{"taxonomy":"category","embeddable":true,"href":"http:\/\/photo-nature.eu\/WP\/wp-json\/wp\/v2\/categories?post=88"},{"taxonomy":"post_tag","embeddable":true,"href":"http:\/\/photo-nature.eu\/WP\/wp-json\/wp\/v2\/tags?post=88"}],"curies":[{"name":"wp","href":"https:\/\/api.w.org\/{rel}","templated":true}]}}